{"id":1695,"date":"2023-02-22T19:20:04","date_gmt":"2023-02-22T18:20:04","guid":{"rendered":"https:\/\/orizon-solutions.com\/?p=1695"},"modified":"2023-02-24T19:08:35","modified_gmt":"2023-02-24T18:08:35","slug":"presseveranstaltung-mit-den-ministern-der-flaemischen-regierung-zur-bekanntgabe-der-testergebnisse-von-orizon-smart-in-einem-pflegeheim","status":"publish","type":"post","link":"https:\/\/orizon-solutions.com\/de\/presseveranstaltung-mit-den-ministern-der-flaemischen-regierung-zur-bekanntgabe-der-testergebnisse-von-orizon-smart-in-einem-pflegeheim\/","title":{"rendered":"Presseveranstaltung mit den Ministern der fl\u00e4mischen Regierung zur Bekanntgabe der Testergebnisse von Orizon Smart in einem Pflegeheim"},"content":{"rendered":"<section class=\"wpb-content-wrapper\"><p>[vc_row][vc_column][vc_column_text]Unsere Executive Vice President R&amp;D &amp; Sustainability, Annick De Poorter, hat auf einer Presseveranstaltung in Belgien die Ergebnisse eines Projekts zur intelligenten Inkontinenzversorgung in einem Pflegeheim bekannt gegeben, in dem unsere Orizon Smart-L\u00f6sung mehrere Wochen lang getestet wurde. [\/vc_column_text]<div class=\"grve-element grve-image grve-align-center\" style=\"\">  <div class=\"grve-image-wrapper\"><picture><source srcset=\"https:\/\/orizon-solutions.com\/wp-content\/uploads\/2023\/02\/img3.jpg.webp 800w, https:\/\/orizon-solutions.com\/wp-content\/uploads\/2023\/02\/img3-300x300.jpg.webp 300w, https:\/\/orizon-solutions.com\/wp-content\/uploads\/2023\/02\/img3-150x150.jpg.webp 150w, https:\/\/orizon-solutions.com\/wp-content\/uploads\/2023\/02\/img3-768x768.jpg.webp 768w, https:\/\/orizon-solutions.com\/wp-content\/uploads\/2023\/02\/img3-560x560.jpg.webp 560w\" sizes=\"auto, (max-width: 800px) 100vw, 800px\" type=\"image\/webp\"><img loading=\"lazy\" decoding=\"async\" width=\"800\" height=\"800\" src=\"https:\/\/orizon-solutions.com\/wp-content\/uploads\/2023\/02\/img3.jpg\" class=\"attachment-full size-full webpexpress-processed\" alt=\"Presentation\" srcset=\"https:\/\/orizon-solutions.com\/wp-content\/uploads\/2023\/02\/img3.jpg 800w, https:\/\/orizon-solutions.com\/wp-content\/uploads\/2023\/02\/img3-300x300.jpg 300w, https:\/\/orizon-solutions.com\/wp-content\/uploads\/2023\/02\/img3-150x150.jpg 150w, https:\/\/orizon-solutions.com\/wp-content\/uploads\/2023\/02\/img3-768x768.jpg 768w, https:\/\/orizon-solutions.com\/wp-content\/uploads\/2023\/02\/img3-560x560.jpg 560w\" sizes=\"auto, (max-width: 800px) 100vw, 800px\"><\/picture>   <\/div><\/div><div class=\"grve-empty-space grve-height-1x\" style=\"\"><\/div>[vc_column_text]Die Minister der fl\u00e4mischen Regierung, Hilde Crevits und Jo Brouns, nahmen gemeinsam mit der Leiterin des Pflegeheims an der Veranstaltung teil, um mehr \u00fcber die Orizon Smart-L\u00f6sung zu erfahren und dar\u00fcber zu diskutieren, wie der Einsatz dieser Technologien die Pflege \u00e4lterer Menschen erheblich verbessern kann. [\/vc_column_text]<div class=\"grve-element grve-image grve-align-center\" style=\"\">  <div class=\"grve-image-wrapper\"><picture><source srcset=\"https:\/\/orizon-solutions.com\/wp-content\/uploads\/2023\/02\/press-img2.jpg.webp 715w, https:\/\/orizon-solutions.com\/wp-content\/uploads\/2023\/02\/press-img2-300x155.jpg.webp 300w\" sizes=\"auto, (max-width: 715px) 100vw, 715px\" type=\"image\/webp\"><img loading=\"lazy\" decoding=\"async\" width=\"715\" height=\"369\" src=\"https:\/\/orizon-solutions.com\/wp-content\/uploads\/2023\/02\/press-img2.jpg\" class=\"attachment-full size-full webpexpress-processed\" alt=\"Learning\" srcset=\"https:\/\/orizon-solutions.com\/wp-content\/uploads\/2023\/02\/press-img2.jpg 715w, https:\/\/orizon-solutions.com\/wp-content\/uploads\/2023\/02\/press-img2-300x155.jpg 300w\" sizes=\"auto, (max-width: 715px) 100vw, 715px\"><\/picture>   <\/div><\/div><div class=\"grve-empty-space grve-height-1x\" style=\"\"><\/div>[vc_column_text]Einige der wichtigsten Ergebnisse, die w\u00e4hrend dieser Veranstaltung vorgestellt wurden, betrafen die Optimierung des Verbrauchs von Inkontinenzprodukten und der Kosten sowie die Steigerung des Komforts und der Schlafqualit\u00e4t der Bewohner. Eine genaue \u00dcberwachung des S\u00e4ttigungsgrades dieser Produkte bedeutet, dass die Bewohner nachts nicht immer f\u00fcr eine Kontrolle gest\u00f6rt werden m\u00fcssen.<\/p>\n<p>Am Ende der Veranstaltung waren sich alle Teilnehmer und Zuh\u00f6rer \u00fcber die Bedeutung von Innovationen in der Pflegebranche und das Potenzial von L\u00f6sungen wie Orizon Smart sicher.[\/vc_column_text]<div class=\"grve-element grve-image grve-align-center\" style=\"\">  <div class=\"grve-image-wrapper\"><picture><source srcset=\"https:\/\/orizon-solutions.com\/wp-content\/uploads\/2023\/02\/Orizon_Press-Event-Flanders-Annick_group-picture.jpg.webp 800w, https:\/\/orizon-solutions.com\/wp-content\/uploads\/2023\/02\/Orizon_Press-Event-Flanders-Annick_group-picture-300x297.jpg.webp 300w, https:\/\/orizon-solutions.com\/wp-content\/uploads\/2023\/02\/Orizon_Press-Event-Flanders-Annick_group-picture-768x759.jpg.webp 768w\" sizes=\"auto, (max-width: 800px) 100vw, 800px\" type=\"image\/webp\"><img loading=\"lazy\" decoding=\"async\" width=\"800\" height=\"791\" src=\"https:\/\/orizon-solutions.com\/wp-content\/uploads\/2023\/02\/Orizon_Press-Event-Flanders-Annick_group-picture.jpg\" class=\"attachment-full size-full webpexpress-processed\" alt=\"Group\" srcset=\"https:\/\/orizon-solutions.com\/wp-content\/uploads\/2023\/02\/Orizon_Press-Event-Flanders-Annick_group-picture.jpg 800w, https:\/\/orizon-solutions.com\/wp-content\/uploads\/2023\/02\/Orizon_Press-Event-Flanders-Annick_group-picture-300x297.jpg 300w, https:\/\/orizon-solutions.com\/wp-content\/uploads\/2023\/02\/Orizon_Press-Event-Flanders-Annick_group-picture-768x759.jpg 768w\" sizes=\"auto, (max-width: 800px) 100vw, 800px\"><\/picture>   <\/div><\/div>[\/vc_column][\/vc_row]<\/p>\n<\/section>","protected":false},"excerpt":{"rendered":"<p>Unsere Executive Vice President R&#038;D &#038; Sustainability, Annick De Poorter, hat auf einer Presseveranstaltung in Belgien die Ergebnisse eines Projekts zur intelligenten Inkontinenzversorgung in einem Pflegeheim bekannt gegeben, in dem unsere Orizon Smart-L\u00f6sung mehrere Wochen lang getestet wurde.<\/p>\n","protected":false},"author":2,"featured_media":1654,"comment_status":"open","ping_status":"open","sticky":false,"template":"","format":"standard","meta":{"_acf_changed":false,"inline_featured_image":false,"footnotes":""},"categories":[67,68],"tags":[],"class_list":["post-1695","post","type-post","status-publish","format-standard","has-post-thumbnail","hentry","category-innovation-de","category-veranstaltungen"],"acf":[],"yoast_head":"<!-- This site is optimized with the Yoast SEO Premium plugin v27.5 (Yoast SEO v27.5) - https:\/\/yoast.com\/product\/yoast-seo-premium-wordpress\/ -->\n<title>Presseveranstaltung mit den Ministern der fl\u00e4mischen Regierung zur Bekanntgabe der Testergebnisse von Orizon Smart in einem Pflegeheim &#183; Orizon<\/title>\n<meta name=\"description\" content=\"Unsere Executive Vice President R&amp;D &amp; Sustainability, Annick De Poorter, hat auf einer Presseveranstaltung in Belgien die Ergebnisse eines Projekts zur intelligenten Inkontinenzversorgung in einem Pflegeheim bekannt gegeben, in dem unsere Orizon Smart-L\u00f6sung mehrere Wochen lang getestet wurde.\" \/>\n<meta name=\"robots\" content=\"index, follow, max-snippet:-1, max-image-preview:large, max-video-preview:-1\" \/>\n<link rel=\"canonical\" href=\"https:\/\/orizon-solutions.com\/de\/presseveranstaltung-mit-den-ministern-der-flaemischen-regierung-zur-bekanntgabe-der-testergebnisse-von-orizon-smart-in-einem-pflegeheim\/\" \/>\n<meta property=\"og:locale\" content=\"de_DE\" \/>\n<meta property=\"og:type\" content=\"article\" \/>\n<meta property=\"og:title\" content=\"Discover our smart solution Presseveranstaltung mit den Ministern der fl\u00e4mischen Regierung zur Bekanntgabe der Testergebnisse von Orizon Smart in einem Pflegeheim &#183; Orizon\" \/>\n<meta property=\"og:description\" content=\"Unsere Executive Vice President R&amp;D &amp; Sustainability, Annick De Poorter, hat auf einer Presseveranstaltung in Belgien die Ergebnisse eines Projekts zur intelligenten Inkontinenzversorgung in einem Pflegeheim bekannt gegeben, in dem unsere Orizon Smart-L\u00f6sung mehrere Wochen lang getestet wurde.\" \/>\n<meta property=\"og:url\" content=\"https:\/\/orizon-solutions.com\/de\/presseveranstaltung-mit-den-ministern-der-flaemischen-regierung-zur-bekanntgabe-der-testergebnisse-von-orizon-smart-in-einem-pflegeheim\/\" \/>\n<meta property=\"og:site_name\" content=\"Orizon\" \/>\n<meta property=\"article:published_time\" content=\"2023-02-22T18:20:04+00:00\" \/>\n<meta property=\"article:modified_time\" content=\"2023-02-24T18:08:35+00:00\" \/>\n<meta property=\"og:image\" content=\"https:\/\/orizon-solutions.com\/wp-content\/uploads\/2023\/02\/Orizon_Press-Event-Flanders-Annick_landscape-picture.jpg\" \/>\n\t<meta property=\"og:image:width\" content=\"1920\" \/>\n\t<meta property=\"og:image:height\" content=\"886\" \/>\n\t<meta property=\"og:image:type\" content=\"image\/jpeg\" \/>\n<meta name=\"author\" content=\"Anna Lambrix\" \/>\n<meta name=\"twitter:card\" content=\"summary_large_image\" \/>\n<meta name=\"twitter:label1\" content=\"Verfasst von\" \/>\n\t<meta name=\"twitter:data1\" content=\"Anna Lambrix\" \/>\n\t<meta name=\"twitter:label2\" content=\"Gesch\u00e4tzte Lesezeit\" \/>\n\t<meta name=\"twitter:data2\" content=\"1 Minute\" \/>\n<script type=\"application\/ld+json\" class=\"yoast-schema-graph\">{\"@context\":\"https:\\\/\\\/schema.org\",\"@graph\":[{\"@type\":\"Article\",\"@id\":\"https:\\\/\\\/orizon-solutions.com\\\/de\\\/presseveranstaltung-mit-den-ministern-der-flaemischen-regierung-zur-bekanntgabe-der-testergebnisse-von-orizon-smart-in-einem-pflegeheim\\\/#article\",\"isPartOf\":{\"@id\":\"https:\\\/\\\/orizon-solutions.com\\\/de\\\/presseveranstaltung-mit-den-ministern-der-flaemischen-regierung-zur-bekanntgabe-der-testergebnisse-von-orizon-smart-in-einem-pflegeheim\\\/\"},\"author\":{\"name\":\"Anna Lambrix\",\"@id\":\"https:\\\/\\\/orizon-solutions.com\\\/de\\\/#\\\/schema\\\/person\\\/b0ce58719d799a7c187cf439ae81b28b\"},\"headline\":\"Presseveranstaltung mit den Ministern der fl\u00e4mischen Regierung zur Bekanntgabe der Testergebnisse von Orizon Smart in einem Pflegeheim\",\"datePublished\":\"2023-02-22T18:20:04+00:00\",\"dateModified\":\"2023-02-24T18:08:35+00:00\",\"mainEntityOfPage\":{\"@id\":\"https:\\\/\\\/orizon-solutions.com\\\/de\\\/presseveranstaltung-mit-den-ministern-der-flaemischen-regierung-zur-bekanntgabe-der-testergebnisse-von-orizon-smart-in-einem-pflegeheim\\\/\"},\"wordCount\":236,\"commentCount\":0,\"publisher\":{\"@id\":\"https:\\\/\\\/orizon-solutions.com\\\/de\\\/#organization\"},\"image\":{\"@id\":\"https:\\\/\\\/orizon-solutions.com\\\/de\\\/presseveranstaltung-mit-den-ministern-der-flaemischen-regierung-zur-bekanntgabe-der-testergebnisse-von-orizon-smart-in-einem-pflegeheim\\\/#primaryimage\"},\"thumbnailUrl\":\"https:\\\/\\\/orizon-solutions.com\\\/wp-content\\\/uploads\\\/2023\\\/02\\\/Orizon_Press-Event-Flanders-Annick_landscape-picture.jpg\",\"articleSection\":[\"Innovation\",\"Veranstaltungen\"],\"inLanguage\":\"de-DE\",\"potentialAction\":[{\"@type\":\"CommentAction\",\"name\":\"Comment\",\"target\":[\"https:\\\/\\\/orizon-solutions.com\\\/de\\\/presseveranstaltung-mit-den-ministern-der-flaemischen-regierung-zur-bekanntgabe-der-testergebnisse-von-orizon-smart-in-einem-pflegeheim\\\/#respond\"]}]},{\"@type\":\"WebPage\",\"@id\":\"https:\\\/\\\/orizon-solutions.com\\\/de\\\/presseveranstaltung-mit-den-ministern-der-flaemischen-regierung-zur-bekanntgabe-der-testergebnisse-von-orizon-smart-in-einem-pflegeheim\\\/\",\"url\":\"https:\\\/\\\/orizon-solutions.com\\\/de\\\/presseveranstaltung-mit-den-ministern-der-flaemischen-regierung-zur-bekanntgabe-der-testergebnisse-von-orizon-smart-in-einem-pflegeheim\\\/\",\"name\":\"Presseveranstaltung mit den Ministern der fl\u00e4mischen Regierung zur Bekanntgabe der Testergebnisse von Orizon Smart in einem Pflegeheim &#183; Orizon\",\"isPartOf\":{\"@id\":\"https:\\\/\\\/orizon-solutions.com\\\/de\\\/#website\"},\"primaryImageOfPage\":{\"@id\":\"https:\\\/\\\/orizon-solutions.com\\\/de\\\/presseveranstaltung-mit-den-ministern-der-flaemischen-regierung-zur-bekanntgabe-der-testergebnisse-von-orizon-smart-in-einem-pflegeheim\\\/#primaryimage\"},\"image\":{\"@id\":\"https:\\\/\\\/orizon-solutions.com\\\/de\\\/presseveranstaltung-mit-den-ministern-der-flaemischen-regierung-zur-bekanntgabe-der-testergebnisse-von-orizon-smart-in-einem-pflegeheim\\\/#primaryimage\"},\"thumbnailUrl\":\"https:\\\/\\\/orizon-solutions.com\\\/wp-content\\\/uploads\\\/2023\\\/02\\\/Orizon_Press-Event-Flanders-Annick_landscape-picture.jpg\",\"datePublished\":\"2023-02-22T18:20:04+00:00\",\"dateModified\":\"2023-02-24T18:08:35+00:00\",\"description\":\"Unsere Executive Vice President R&D & Sustainability, Annick De Poorter, hat auf einer Presseveranstaltung in Belgien die Ergebnisse eines Projekts zur intelligenten Inkontinenzversorgung in einem Pflegeheim bekannt gegeben, in dem unsere Orizon Smart-L\u00f6sung mehrere Wochen lang getestet wurde.\",\"breadcrumb\":{\"@id\":\"https:\\\/\\\/orizon-solutions.com\\\/de\\\/presseveranstaltung-mit-den-ministern-der-flaemischen-regierung-zur-bekanntgabe-der-testergebnisse-von-orizon-smart-in-einem-pflegeheim\\\/#breadcrumb\"},\"inLanguage\":\"de-DE\",\"potentialAction\":[{\"@type\":\"ReadAction\",\"target\":[\"https:\\\/\\\/orizon-solutions.com\\\/de\\\/presseveranstaltung-mit-den-ministern-der-flaemischen-regierung-zur-bekanntgabe-der-testergebnisse-von-orizon-smart-in-einem-pflegeheim\\\/\"]}]},{\"@type\":\"ImageObject\",\"inLanguage\":\"de-DE\",\"@id\":\"https:\\\/\\\/orizon-solutions.com\\\/de\\\/presseveranstaltung-mit-den-ministern-der-flaemischen-regierung-zur-bekanntgabe-der-testergebnisse-von-orizon-smart-in-einem-pflegeheim\\\/#primaryimage\",\"url\":\"https:\\\/\\\/orizon-solutions.com\\\/wp-content\\\/uploads\\\/2023\\\/02\\\/Orizon_Press-Event-Flanders-Annick_landscape-picture.jpg\",\"contentUrl\":\"https:\\\/\\\/orizon-solutions.com\\\/wp-content\\\/uploads\\\/2023\\\/02\\\/Orizon_Press-Event-Flanders-Annick_landscape-picture.jpg\",\"width\":1920,\"height\":886,\"caption\":\"Orizon Press Event\"},{\"@type\":\"BreadcrumbList\",\"@id\":\"https:\\\/\\\/orizon-solutions.com\\\/de\\\/presseveranstaltung-mit-den-ministern-der-flaemischen-regierung-zur-bekanntgabe-der-testergebnisse-von-orizon-smart-in-einem-pflegeheim\\\/#breadcrumb\",\"itemListElement\":[{\"@type\":\"ListItem\",\"position\":1,\"name\":\"Startseite\",\"item\":\"https:\\\/\\\/orizon-solutions.com\\\/de\\\/\"},{\"@type\":\"ListItem\",\"position\":2,\"name\":\"Presseveranstaltung mit den Ministern der fl\u00e4mischen Regierung zur Bekanntgabe der Testergebnisse von Orizon Smart in einem Pflegeheim\"}]},{\"@type\":\"WebSite\",\"@id\":\"https:\\\/\\\/orizon-solutions.com\\\/de\\\/#website\",\"url\":\"https:\\\/\\\/orizon-solutions.com\\\/de\\\/\",\"name\":\"Orizon\",\"description\":\"Smart Solutions\",\"publisher\":{\"@id\":\"https:\\\/\\\/orizon-solutions.com\\\/de\\\/#organization\"},\"potentialAction\":[{\"@type\":\"SearchAction\",\"target\":{\"@type\":\"EntryPoint\",\"urlTemplate\":\"https:\\\/\\\/orizon-solutions.com\\\/de\\\/?s={search_term_string}\"},\"query-input\":{\"@type\":\"PropertyValueSpecification\",\"valueRequired\":true,\"valueName\":\"search_term_string\"}}],\"inLanguage\":\"de-DE\"},{\"@type\":\"Organization\",\"@id\":\"https:\\\/\\\/orizon-solutions.com\\\/de\\\/#organization\",\"name\":\"Orizon\",\"url\":\"https:\\\/\\\/orizon-solutions.com\\\/de\\\/\",\"logo\":{\"@type\":\"ImageObject\",\"inLanguage\":\"de-DE\",\"@id\":\"https:\\\/\\\/orizon-solutions.com\\\/de\\\/#\\\/schema\\\/logo\\\/image\\\/\",\"url\":\"https:\\\/\\\/orizon-solutions.com\\\/wp-content\\\/uploads\\\/2021\\\/09\\\/orizon-logo400.png\",\"contentUrl\":\"https:\\\/\\\/orizon-solutions.com\\\/wp-content\\\/uploads\\\/2021\\\/09\\\/orizon-logo400.png\",\"width\":400,\"height\":79,\"caption\":\"Orizon\"},\"image\":{\"@id\":\"https:\\\/\\\/orizon-solutions.com\\\/de\\\/#\\\/schema\\\/logo\\\/image\\\/\"},\"sameAs\":[\"https:\\\/\\\/www.youtube.com\\\/channel\\\/UCKGKYYx3aomkfcL8bMyFDOg\"]},{\"@type\":\"Person\",\"@id\":\"https:\\\/\\\/orizon-solutions.com\\\/de\\\/#\\\/schema\\\/person\\\/b0ce58719d799a7c187cf439ae81b28b\",\"name\":\"Anna Lambrix\",\"image\":{\"@type\":\"ImageObject\",\"inLanguage\":\"de-DE\",\"@id\":\"https:\\\/\\\/secure.gravatar.com\\\/avatar\\\/f7e1598377da16196a22808712b3872b5b4702eb8f2e081fcc4850ef6fde6cd3?s=96&d=mm&r=g\",\"url\":\"https:\\\/\\\/secure.gravatar.com\\\/avatar\\\/f7e1598377da16196a22808712b3872b5b4702eb8f2e081fcc4850ef6fde6cd3?s=96&d=mm&r=g\",\"contentUrl\":\"https:\\\/\\\/secure.gravatar.com\\\/avatar\\\/f7e1598377da16196a22808712b3872b5b4702eb8f2e081fcc4850ef6fde6cd3?s=96&d=mm&r=g\",\"caption\":\"Anna Lambrix\"}}]}<\/script>\n<!-- \/ Yoast SEO Premium plugin. -->","yoast_head_json":{"title":"Presseveranstaltung mit den Ministern der fl\u00e4mischen Regierung zur Bekanntgabe der Testergebnisse von Orizon Smart in einem Pflegeheim &#183; Orizon","description":"Unsere Executive Vice President R&D & Sustainability, Annick De Poorter, hat auf einer Presseveranstaltung in Belgien die Ergebnisse eines Projekts zur intelligenten Inkontinenzversorgung in einem Pflegeheim bekannt gegeben, in dem unsere Orizon Smart-L\u00f6sung mehrere Wochen lang getestet wurde.","robots":{"index":"index","follow":"follow","max-snippet":"max-snippet:-1","max-image-preview":"max-image-preview:large","max-video-preview":"max-video-preview:-1"},"canonical":"https:\/\/orizon-solutions.com\/de\/presseveranstaltung-mit-den-ministern-der-flaemischen-regierung-zur-bekanntgabe-der-testergebnisse-von-orizon-smart-in-einem-pflegeheim\/","og_locale":"de_DE","og_type":"article","og_title":"Discover our smart solution Presseveranstaltung mit den Ministern der fl\u00e4mischen Regierung zur Bekanntgabe der Testergebnisse von Orizon Smart in einem Pflegeheim &#183; Orizon","og_description":"Unsere Executive Vice President R&D & Sustainability, Annick De Poorter, hat auf einer Presseveranstaltung in Belgien die Ergebnisse eines Projekts zur intelligenten Inkontinenzversorgung in einem Pflegeheim bekannt gegeben, in dem unsere Orizon Smart-L\u00f6sung mehrere Wochen lang getestet wurde.","og_url":"https:\/\/orizon-solutions.com\/de\/presseveranstaltung-mit-den-ministern-der-flaemischen-regierung-zur-bekanntgabe-der-testergebnisse-von-orizon-smart-in-einem-pflegeheim\/","og_site_name":"Orizon","article_published_time":"2023-02-22T18:20:04+00:00","article_modified_time":"2023-02-24T18:08:35+00:00","og_image":[{"width":1920,"height":886,"url":"https:\/\/orizon-solutions.com\/wp-content\/uploads\/2023\/02\/Orizon_Press-Event-Flanders-Annick_landscape-picture.jpg","type":"image\/jpeg"}],"author":"Anna Lambrix","twitter_card":"summary_large_image","twitter_misc":{"Verfasst von":"Anna Lambrix","Gesch\u00e4tzte Lesezeit":"1 Minute"},"schema":{"@context":"https:\/\/schema.org","@graph":[{"@type":"Article","@id":"https:\/\/orizon-solutions.com\/de\/presseveranstaltung-mit-den-ministern-der-flaemischen-regierung-zur-bekanntgabe-der-testergebnisse-von-orizon-smart-in-einem-pflegeheim\/#article","isPartOf":{"@id":"https:\/\/orizon-solutions.com\/de\/presseveranstaltung-mit-den-ministern-der-flaemischen-regierung-zur-bekanntgabe-der-testergebnisse-von-orizon-smart-in-einem-pflegeheim\/"},"author":{"name":"Anna Lambrix","@id":"https:\/\/orizon-solutions.com\/de\/#\/schema\/person\/b0ce58719d799a7c187cf439ae81b28b"},"headline":"Presseveranstaltung mit den Ministern der fl\u00e4mischen Regierung zur Bekanntgabe der Testergebnisse von Orizon Smart in einem Pflegeheim","datePublished":"2023-02-22T18:20:04+00:00","dateModified":"2023-02-24T18:08:35+00:00","mainEntityOfPage":{"@id":"https:\/\/orizon-solutions.com\/de\/presseveranstaltung-mit-den-ministern-der-flaemischen-regierung-zur-bekanntgabe-der-testergebnisse-von-orizon-smart-in-einem-pflegeheim\/"},"wordCount":236,"commentCount":0,"publisher":{"@id":"https:\/\/orizon-solutions.com\/de\/#organization"},"image":{"@id":"https:\/\/orizon-solutions.com\/de\/presseveranstaltung-mit-den-ministern-der-flaemischen-regierung-zur-bekanntgabe-der-testergebnisse-von-orizon-smart-in-einem-pflegeheim\/#primaryimage"},"thumbnailUrl":"https:\/\/orizon-solutions.com\/wp-content\/uploads\/2023\/02\/Orizon_Press-Event-Flanders-Annick_landscape-picture.jpg","articleSection":["Innovation","Veranstaltungen"],"inLanguage":"de-DE","potentialAction":[{"@type":"CommentAction","name":"Comment","target":["https:\/\/orizon-solutions.com\/de\/presseveranstaltung-mit-den-ministern-der-flaemischen-regierung-zur-bekanntgabe-der-testergebnisse-von-orizon-smart-in-einem-pflegeheim\/#respond"]}]},{"@type":"WebPage","@id":"https:\/\/orizon-solutions.com\/de\/presseveranstaltung-mit-den-ministern-der-flaemischen-regierung-zur-bekanntgabe-der-testergebnisse-von-orizon-smart-in-einem-pflegeheim\/","url":"https:\/\/orizon-solutions.com\/de\/presseveranstaltung-mit-den-ministern-der-flaemischen-regierung-zur-bekanntgabe-der-testergebnisse-von-orizon-smart-in-einem-pflegeheim\/","name":"Presseveranstaltung mit den Ministern der fl\u00e4mischen Regierung zur Bekanntgabe der Testergebnisse von Orizon Smart in einem Pflegeheim &#183; Orizon","isPartOf":{"@id":"https:\/\/orizon-solutions.com\/de\/#website"},"primaryImageOfPage":{"@id":"https:\/\/orizon-solutions.com\/de\/presseveranstaltung-mit-den-ministern-der-flaemischen-regierung-zur-bekanntgabe-der-testergebnisse-von-orizon-smart-in-einem-pflegeheim\/#primaryimage"},"image":{"@id":"https:\/\/orizon-solutions.com\/de\/presseveranstaltung-mit-den-ministern-der-flaemischen-regierung-zur-bekanntgabe-der-testergebnisse-von-orizon-smart-in-einem-pflegeheim\/#primaryimage"},"thumbnailUrl":"https:\/\/orizon-solutions.com\/wp-content\/uploads\/2023\/02\/Orizon_Press-Event-Flanders-Annick_landscape-picture.jpg","datePublished":"2023-02-22T18:20:04+00:00","dateModified":"2023-02-24T18:08:35+00:00","description":"Unsere Executive Vice President R&D & Sustainability, Annick De Poorter, hat auf einer Presseveranstaltung in Belgien die Ergebnisse eines Projekts zur intelligenten Inkontinenzversorgung in einem Pflegeheim bekannt gegeben, in dem unsere Orizon Smart-L\u00f6sung mehrere Wochen lang getestet wurde.","breadcrumb":{"@id":"https:\/\/orizon-solutions.com\/de\/presseveranstaltung-mit-den-ministern-der-flaemischen-regierung-zur-bekanntgabe-der-testergebnisse-von-orizon-smart-in-einem-pflegeheim\/#breadcrumb"},"inLanguage":"de-DE","potentialAction":[{"@type":"ReadAction","target":["https:\/\/orizon-solutions.com\/de\/presseveranstaltung-mit-den-ministern-der-flaemischen-regierung-zur-bekanntgabe-der-testergebnisse-von-orizon-smart-in-einem-pflegeheim\/"]}]},{"@type":"ImageObject","inLanguage":"de-DE","@id":"https:\/\/orizon-solutions.com\/de\/presseveranstaltung-mit-den-ministern-der-flaemischen-regierung-zur-bekanntgabe-der-testergebnisse-von-orizon-smart-in-einem-pflegeheim\/#primaryimage","url":"https:\/\/orizon-solutions.com\/wp-content\/uploads\/2023\/02\/Orizon_Press-Event-Flanders-Annick_landscape-picture.jpg","contentUrl":"https:\/\/orizon-solutions.com\/wp-content\/uploads\/2023\/02\/Orizon_Press-Event-Flanders-Annick_landscape-picture.jpg","width":1920,"height":886,"caption":"Orizon Press Event"},{"@type":"BreadcrumbList","@id":"https:\/\/orizon-solutions.com\/de\/presseveranstaltung-mit-den-ministern-der-flaemischen-regierung-zur-bekanntgabe-der-testergebnisse-von-orizon-smart-in-einem-pflegeheim\/#breadcrumb","itemListElement":[{"@type":"ListItem","position":1,"name":"Startseite","item":"https:\/\/orizon-solutions.com\/de\/"},{"@type":"ListItem","position":2,"name":"Presseveranstaltung mit den Ministern der fl\u00e4mischen Regierung zur Bekanntgabe der Testergebnisse von Orizon Smart in einem Pflegeheim"}]},{"@type":"WebSite","@id":"https:\/\/orizon-solutions.com\/de\/#website","url":"https:\/\/orizon-solutions.com\/de\/","name":"Orizon","description":"Smart Solutions","publisher":{"@id":"https:\/\/orizon-solutions.com\/de\/#organization"},"potentialAction":[{"@type":"SearchAction","target":{"@type":"EntryPoint","urlTemplate":"https:\/\/orizon-solutions.com\/de\/?s={search_term_string}"},"query-input":{"@type":"PropertyValueSpecification","valueRequired":true,"valueName":"search_term_string"}}],"inLanguage":"de-DE"},{"@type":"Organization","@id":"https:\/\/orizon-solutions.com\/de\/#organization","name":"Orizon","url":"https:\/\/orizon-solutions.com\/de\/","logo":{"@type":"ImageObject","inLanguage":"de-DE","@id":"https:\/\/orizon-solutions.com\/de\/#\/schema\/logo\/image\/","url":"https:\/\/orizon-solutions.com\/wp-content\/uploads\/2021\/09\/orizon-logo400.png","contentUrl":"https:\/\/orizon-solutions.com\/wp-content\/uploads\/2021\/09\/orizon-logo400.png","width":400,"height":79,"caption":"Orizon"},"image":{"@id":"https:\/\/orizon-solutions.com\/de\/#\/schema\/logo\/image\/"},"sameAs":["https:\/\/www.youtube.com\/channel\/UCKGKYYx3aomkfcL8bMyFDOg"]},{"@type":"Person","@id":"https:\/\/orizon-solutions.com\/de\/#\/schema\/person\/b0ce58719d799a7c187cf439ae81b28b","name":"Anna Lambrix","image":{"@type":"ImageObject","inLanguage":"de-DE","@id":"https:\/\/secure.gravatar.com\/avatar\/f7e1598377da16196a22808712b3872b5b4702eb8f2e081fcc4850ef6fde6cd3?s=96&d=mm&r=g","url":"https:\/\/secure.gravatar.com\/avatar\/f7e1598377da16196a22808712b3872b5b4702eb8f2e081fcc4850ef6fde6cd3?s=96&d=mm&r=g","contentUrl":"https:\/\/secure.gravatar.com\/avatar\/f7e1598377da16196a22808712b3872b5b4702eb8f2e081fcc4850ef6fde6cd3?s=96&d=mm&r=g","caption":"Anna Lambrix"}}]}},"_links":{"self":[{"href":"https:\/\/orizon-solutions.com\/de\/wp-json\/wp\/v2\/posts\/1695","targetHints":{"allow":["GET"]}}],"collection":[{"href":"https:\/\/orizon-solutions.com\/de\/wp-json\/wp\/v2\/posts"}],"about":[{"href":"https:\/\/orizon-solutions.com\/de\/wp-json\/wp\/v2\/types\/post"}],"author":[{"embeddable":true,"href":"https:\/\/orizon-solutions.com\/de\/wp-json\/wp\/v2\/users\/2"}],"replies":[{"embeddable":true,"href":"https:\/\/orizon-solutions.com\/de\/wp-json\/wp\/v2\/comments?post=1695"}],"version-history":[{"count":0,"href":"https:\/\/orizon-solutions.com\/de\/wp-json\/wp\/v2\/posts\/1695\/revisions"}],"wp:featuredmedia":[{"embeddable":true,"href":"https:\/\/orizon-solutions.com\/de\/wp-json\/wp\/v2\/media\/1654"}],"wp:attachment":[{"href":"https:\/\/orizon-solutions.com\/de\/wp-json\/wp\/v2\/media?parent=1695"}],"wp:term":[{"taxonomy":"category","embeddable":true,"href":"https:\/\/orizon-solutions.com\/de\/wp-json\/wp\/v2\/categories?post=1695"},{"taxonomy":"post_tag","embeddable":true,"href":"https:\/\/orizon-solutions.com\/de\/wp-json\/wp\/v2\/tags?post=1695"}],"curies":[{"name":"wp","href":"https:\/\/api.w.org\/{rel}","templated":true}]}}